{"id":794,"date":"2025-11-28T09:43:14","date_gmt":"2025-11-28T08:43:14","guid":{"rendered":"https:\/\/mazurskaprzyroda.pl\/?p=794"},"modified":"2025-11-28T09:44:13","modified_gmt":"2025-11-28T08:44:13","slug":"rynskie-spotkania-z-ptakami-wyjatkowy-cykl-wydarzen-dla-mieszkancow-gminy-ryn","status":"publish","type":"post","link":"https:\/\/mazurskaprzyroda.pl\/?p=794","title":{"rendered":"Ry\u0144skie Spotkania z Ptakami \u2013 wyj\u0105tkowy cykl wydarze\u0144 dla mieszka\u0144c\u00f3w gminy Ryn"},"content":{"rendered":"\n<p><strong>Zapraszamy do udzia\u0142u w bezp\u0142atnym cyklu wydarze\u0144 \u201eRy\u0144skie spotkania z ptakami\u201d, po\u015bwi\u0119conych poznawaniu, ochronie i obserwowaniu ptak\u00f3w zamieszkuj\u0105cych nasz region. Program obejmuje warsztaty rodzinne, wyk\u0142ady ornitologiczne oraz spacer terenowy, dzi\u0119ki kt\u00f3rym uczestnicy b\u0119d\u0105 mogli poszerzy\u0107 swoj\u0105 wiedz\u0119 i zbli\u017cy\u0107 si\u0119 do fascynuj\u0105cego \u015bwiata przyrody.<\/strong><\/p>\n\n\n\n<figure class=\"wp-block-image size-large\"><img loading=\"lazy\" decoding=\"async\" width=\"724\" height=\"1024\" src=\"https:\/\/mazurskaprzyroda.pl\/wp-content\/uploads\/2025\/11\/Warsztaty-Ryn-724x1024.png\" alt=\"\" class=\"wp-image-795\" srcset=\"https:\/\/mazurskaprzyroda.pl\/wp-content\/uploads\/2025\/11\/Warsztaty-Ryn-724x1024.png 724w, https:\/\/mazurskaprzyroda.pl\/wp-content\/uploads\/2025\/11\/Warsztaty-Ryn-212x300.png 212w, https:\/\/mazurskaprzyroda.pl\/wp-content\/uploads\/2025\/11\/Warsztaty-Ryn-768x1086.png 768w, https:\/\/mazurskaprzyroda.pl\/wp-content\/uploads\/2025\/11\/Warsztaty-Ryn.png 794w\" sizes=\"auto, (max-width: 724px) 100vw, 724px\" \/><\/figure>\n\n\n\n<!--more-->\n\n\n\n<p><strong>Wycieczka terenowa wok\u00f3\u0142 Jeziora O\u0142\u00f3w. <\/strong>Pierwszym elementem jest piesza wycieczka ornitologiczna skierowana do mieszka\u0144c\u00f3w zainteresowanych obserwowaniem ptak\u00f3w w naturalnym \u015brodowisku. W trakcie spaceru uczestnicy: naucz\u0105 si\u0119 rozpoznawa\u0107 ptaki po wygl\u0105dzie&nbsp;&nbsp; i g\u0142osach, poznaj\u0105 r\u00f3\u017cne typy siedlisk i gatunk\u00f3w typowych dla regionu, b\u0119d\u0105 mieli okazj\u0119 po\u0107wiczy\u0107 podstawy fotografii przyrodniczej, sprawdz\u0105 w praktyce obs\u0142ug\u0119 lornetek, lunet i teleobiektyw\u00f3w. Jesienny termin wycieczki sprzyja obserwacjom gatunk\u00f3w migruj\u0105cych i zimuj\u0105cych, co czyni wydarzenie szczeg\u00f3lnie atrakcyjnym.<\/p>\n\n\n\n<p><strong>Wyk\u0142ady ornitologiczne. <\/strong>Kolejnym etapem \u201eRy\u0144skich spotka\u0144 z ptakami\u201d s\u0105 inspiruj\u0105ce wyk\u0142ady prowadzone przez do\u015bwiadczonych pasjonat\u00f3w przyrody:<\/p>\n\n\n\n<p><strong><em>\u201eBirdwatching \u2013 obserwowanie ptak\u00f3w\u201d<\/em><\/strong> Krzysztof Pawlukoj\u0107, pedagog, autor licznych publikacji ornitologicznych i aktywny edukator, wprowadzi uczestnik\u00f3w w tajniki obserwacji ptak\u00f3w, om\u00f3wi korzy\u015bci p\u0142yn\u0105ce z aktywnego sp\u0119dzania czasu w terenie oraz zaprezentuje niezwyk\u0142e ciekawostki dotycz\u0105ce \u017cycia ptak\u00f3w. Prelegent podzieli si\u0119 r\u00f3wnie\u017c osobistymi historiami z wypraw terenowych&nbsp;&nbsp;i fotograficznych.<\/p>\n\n\n\n<p><strong><em>\u201eBudowa budek l\u0119gowych\u201d<\/em><\/strong> Wojciech Kucfir, mi\u0142o\u015bnik mazurskiej przyrody i organizator licznych projekt\u00f3w edukacyjnych, podczas spotkania uczestnicy dowiedz\u0105 si\u0119, jak poprawnie budowa\u0107 i montowa\u0107 budki l\u0119gowe, jakie gatunki ptak\u00f3w preferuj\u0105 konkretne typy schronie\u0144 oraz jak m\u0105drze dokarmia\u0107 ptaki, by realnie im pomaga\u0107.<\/p>\n\n\n\n<p><strong>Warsztaty z budowy karmnik\u00f3w i budek l\u0119gowych. <\/strong>Ostatni\u0105 cz\u0119\u015bci\u0105 wydarzenia s\u0105 praktyczne warsztaty przeznaczone dla dzieci w wieku 5\u201314 lat oraz ich rodzic\u00f3w i opiekun\u00f3w. Spotkanie rozpocznie si\u0119 wprowadzeniem teoretycznym \u2013 prezentacj\u0105 dotycz\u0105c\u0105 zasad prawid\u0142owego dokarmiania ptak\u00f3w, typ\u00f3w budek l\u0119gowych oraz ich znaczenia dla ochrony ptasich populacji.W cz\u0119\u015bci praktycznej uczestnicy, pod okiem instruktor\u00f3w, wykonaj\u0105 w\u0142asne budki l\u0119gowe i karmniki, kt\u00f3re zabior\u0105 do domu. Wywieszenie budki w pobli\u017cu posesji lub zim\u0105 ustawienie karmnika to doskona\u0142y spos\u00f3b na rozpocz\u0119cie regularnych obserwacji ptak\u00f3w oraz kszta\u0142towanie proekologicznych postaw u najm\u0142odszych. Ze wzgl\u0119du na ograniczon\u0105 liczb\u0119 miejsc na warsztaty obowi\u0105zuj\u0105 zapisy. W pierwszej kolejno\u015bci przyjmowane b\u0119d\u0105 zg\u0142oszenia od rodzin z dzie\u0107mi.<\/p>\n\n\n\n<p>Uczestnictwo we wszystkich cz\u0119\u015bciach cyklu jest bezp\u0142atne i otwarte dla mieszka\u0144c\u00f3w Rynu. Ka\u017cdy mo\u017ce wybra\u0107, czy chce wzi\u0105\u0107 udzia\u0142 w ca\u0142ym wydarzeniu, czy jedynie w wybranych elementach; warsztatach, wyk\u0142adach lub spacerze. Zadanie publiczne wsp\u00f3\u0142finansowane jest ze \u015brodk\u00f3w bud\u017cetowych Miasta i Gminy Ryn. Zapraszamy.<\/p>\n","protected":false},"excerpt":{"rendered":"<p>Zapraszamy do udzia\u0142u w bezp\u0142atnym cyklu wydarze\u0144 \u201eRy\u0144skie spotkania z ptakami\u201d, po\u015bwi\u0119conych poznawaniu, ochronie i obserwowaniu ptak\u00f3w zamieszkuj\u0105cych nasz region. Program obejmuje warsztaty rodzinne, wyk\u0142ady ornitologiczne oraz spacer terenowy, dzi\u0119ki kt\u00f3rym uczestnicy b\u0119d\u0105 mogli poszerzy\u0107 swoj\u0105 wiedz\u0119 i zbli\u017cy\u0107 si\u0119 do fascynuj\u0105cego \u015bwiata przyrody.<\/p>\n","protected":false},"author":2,"featured_media":0,"comment_status":"closed","ping_status":"open","sticky":false,"template":"","format":"standard","meta":{"footnotes":""},"categories":[55],"tags":[],"class_list":["post-794","post","type-post","status-publish","format-standard","hentry","category-aktualnosci"],"_links":{"self":[{"href":"https:\/\/mazurskaprzyroda.pl\/index.php?rest_route=\/wp\/v2\/posts\/794","targetHints":{"allow":["GET"]}}],"collection":[{"href":"https:\/\/mazurskaprzyroda.pl\/index.php?rest_route=\/wp\/v2\/posts"}],"about":[{"href":"https:\/\/mazurskaprzyroda.pl\/index.php?rest_route=\/wp\/v2\/types\/post"}],"author":[{"embeddable":true,"href":"https:\/\/mazurskaprzyroda.pl\/index.php?rest_route=\/wp\/v2\/users\/2"}],"replies":[{"embeddable":true,"href":"https:\/\/mazurskaprzyroda.pl\/index.php?rest_route=%2Fwp%2Fv2%2Fcomments&post=794"}],"version-history":[{"count":2,"href":"https:\/\/mazurskaprzyroda.pl\/index.php?rest_route=\/wp\/v2\/posts\/794\/revisions"}],"predecessor-version":[{"id":797,"href":"https:\/\/mazurskaprzyroda.pl\/index.php?rest_route=\/wp\/v2\/posts\/794\/revisions\/797"}],"wp:attachment":[{"href":"https:\/\/mazurskaprzyroda.pl\/index.php?rest_route=%2Fwp%2Fv2%2Fmedia&parent=794"}],"wp:term":[{"taxonomy":"category","embeddable":true,"href":"https:\/\/mazurskaprzyroda.pl\/index.php?rest_route=%2Fwp%2Fv2%2Fcategories&post=794"},{"taxonomy":"post_tag","embeddable":true,"href":"https:\/\/mazurskaprzyroda.pl\/index.php?rest_route=%2Fwp%2Fv2%2Ftags&post=794"}],"curies":[{"name":"wp","href":"https:\/\/api.w.org\/{rel}","templated":true}]}}