{"id":777,"date":"2025-10-29T13:06:09","date_gmt":"2025-10-29T12:06:09","guid":{"rendered":"https:\/\/mazurskaprzyroda.pl\/?p=777"},"modified":"2025-10-29T13:06:09","modified_gmt":"2025-10-29T12:06:09","slug":"przedszkole-dla-mew","status":"publish","type":"post","link":"https:\/\/mazurskaprzyroda.pl\/?p=777","title":{"rendered":"Przedszkole dla mew"},"content":{"rendered":"\n<figure class=\"wp-block-image size-full\"><img loading=\"lazy\" decoding=\"async\" width=\"649\" height=\"450\" src=\"https:\/\/mazurskaprzyroda.pl\/wp-content\/uploads\/2025\/10\/IMG_8195.jpg\" alt=\"\" class=\"wp-image-778\" srcset=\"https:\/\/mazurskaprzyroda.pl\/wp-content\/uploads\/2025\/10\/IMG_8195.jpg 649w, https:\/\/mazurskaprzyroda.pl\/wp-content\/uploads\/2025\/10\/IMG_8195-300x208.jpg 300w\" sizes=\"auto, (max-width: 649px) 100vw, 649px\" \/><\/figure>\n\n\n\n<p><strong>Kt\u00f3\u017c n<\/strong><strong>ie lu<\/strong><strong>bi pta<\/strong><strong>sich maluch\u00f3w? Ufno\u015b\u0107, naiwno\u015b<\/strong><strong>\u0107, nieporadno\u015b\u0107, ni<\/strong><strong>estandardow<\/strong><strong>e zachowania &#8211; to wszystko budzi pozytywne odczucia i wywo\u0142uje u\u015bmiech n<\/strong><strong>a twarzy. Dziatki, male<\/strong><strong>\u0144stw<\/strong><strong>a, <\/strong><strong>maluszki, pociechy, bajbusy &#8211; to zupe\u0142nie inny \u015bwiat, inna perspektywa i inne podej\u015bcie. Ju\u017c na prze\u0142omie maja i czerwca plac sk\u0142adow<\/strong><strong>iskowy w Spytkowie<\/strong><strong> zamienia si\u0119 w &#8230; plac zabaw! Na terenie zak\u0142adu pojawia si\u0119 kolejne pokolenie skrzydlatych w\u0142adc\u00f3w przestworzy. I to bardzo przer\u00f3\u017cnych!<\/strong><\/p>\n\n\n\n<!--more-->\n\n\n\n<h5 class=\"wp-block-heading\">REGULAMIN RESPEKTOWANY<\/h5>\n\n\n\n<p>Z perspektywy sze\u015bciolatka zawsze marzy\u0142o mi si\u0119 takie idealne przedszkole &#8211; bez nauczycieli, bez przedszkolanek, z zupe\u0142n\u0105 swobod\u0105, bez podzia\u0142u na &#8222;m\u0142odszaki&#8221; i &#8222;starszaki&#8221;, z mo\u017cliwo\u015bci\u0105 dowolnych dzia\u0142a\u0144 i inicjatyw. Teraz po wielu latach okaza\u0142o si\u0119, \u017ce taka wymarzona plac\u00f3wka wychowawczo &#8211; opieku\u0144cza istnieje. Te wszystkie idea\u0142y znalaz\u0142y w ko\u0144cu swoje urzeczywistnienie. I to gdzie? Takie wy\u015bnione, idylliczne przedszkole ca\u0142kiem niespodziewanie powsta\u0142o w Zak\u0142adzie Unieszkodliwiania Odpad\u00f3w Komunalnych w Spytkowie. I nie wa\u017cne, \u017ce p\u00f3ki co korzystaj\u0105 z niego jedynie skrzydlaci beneficjenci, nie wa\u017cne te\u017c, \u017ce opiek\u0119 i edukacj\u0119 maluchy musz\u0105 zapewni\u0107 sobie we w\u0142asnym zakresie. Wa\u017cne, ze to przedszkole dobrowolne, bezp\u0142atne i ca\u0142kowicie swobodne. To przedszkole na miar\u0119 naszych mo\u017cliwo\u015bci. Funkcjonuje na zasadzie &#8211; &#8222;r\u00f3bta co chceta&#8221;, pojawia si\u0119 i znika, mo\u017cna w ka\u017cdej chwili do\u0142\u0105czy\u0107, ale i wyj\u015b\u0107 bez \u017cadnych problem\u00f3w.<\/p>\n\n\n\n<p>Takie m\u0142odzie\u017cowe zgrupowanie w okresie wiosenno &#8211; letnim na terenie ZOUK-u w Spytkowie tworz\u0105 dwa gatunki du\u017cych mew &#8211; srebrzyste i bia\u0142og\u0142owe. Du\u017ce stada tych ptak\u00f3w pojawiaj\u0105 si\u0119 na zak\u0142adowym placu ju\u017c na prze\u0142omie marca i kwietnia. Po pewnym czasie doros\u0142e, dojrza\u0142e osobniki udaj\u0105 si\u0119 na l\u0119gowiska w ustronne miejsca, tam gdzie oko ludzkie nie si\u0119gnie. Ca\u0142a m\u0142odzie\u017c natomiast koczuje, przemieszczaj\u0105c si\u0119 po okolicach, odwiedzaj\u0105c porty, obrze\u017ca miast, a przede wszystkim sk\u0142adowiska odpad\u00f3w. Du\u017ce mewy osi\u0105gaj\u0105 dojrza\u0142o\u015b\u0107 dopiero w czwartym roku \u017cycia, a wi\u0119c dzieci\u0144stwo maj\u0105 ca\u0142kiem d\u0142ugie. To czas na nauk\u0119, na zdobywanie do\u015bwiadcze\u0144, na odkrywanie tajnik\u00f3w komunikacji i funkcjonowania w mewie spo\u0142eczno\u015bci. Mewy to ptaki, kt\u00f3re dobrze czuj\u0105 si\u0119 w stadach, w wi\u0119kszych grupach, w doborowym towarzystwie. Pchaj\u0105 si\u0119, walcz\u0105, rywalizuj\u0105, ale dooko\u0142a sami swoi , wi\u0119c te potyczki jeszcze wzmacniaj\u0105 i scalaj\u0105 wi\u0119zi i wzajemne zale\u017cno\u015bci.<\/p>\n\n\n\n<p>M\u0142odzi na terenie zak\u0142adu czuj\u0105 si\u0119 doskonale. Jest swoboda, jest wzgl\u0119dnie bezpiecznie, jest spokojnie, s\u0105 systematyczne dostawy po\u017cywienia. To centrum spotka\u0144, a jednocze\u015bnie sto\u0142\u00f3wka i plac zabaw oraz odpoczynku. Przedszkole otwarte ca\u0142\u0105 dob\u0119, obs\u0142uga od poniedzia\u0142ku do soboty, wieczory i weekendy to czas wolny. Wsp\u00f3\u0142praca pomi\u0119dzy pracownikami zak\u0142adu, a mewami przebiega wzorowo, jest dopracowana i dostosowana do rodzaju prac i p\u00f3r dnia. Mewy doskonale orientuj\u0105 si\u0119, kiedy jest dobry czas na \u017cerowanie, kiedy sjesta, a kiedy lepiej si\u0119 wycofa\u0107. Regulamin dzia\u0142alno\u015bci i prac obowi\u0105zuj\u0105cy w zak\u0142adzie jest przez bia\u0142e ptactwo przestrzegany i respektowany z ca\u0142\u0105 stanowczo\u015bci\u0105!<\/p>\n\n\n\n<h5 class=\"wp-block-heading\">&#8222;M\u0141ODSZAKI&#8221;<\/h5>\n\n\n\n<p>Do przedszkola dla mew srebrzystych i bia\u0142og\u0142owych przynale\u017c\u0105 maluchy z ro\u017cnych grup wiekowych. \u015acis\u0142ego podzia\u0142u, jak w naszych plac\u00f3wkach wychowawczych, jednak nie ma. Wszystkie ptaki mieszaj\u0105 si\u0119 ze sob\u0105, lataj\u0105 i odpoczywaj\u0105 w wi\u0119kszych lub mniejszych grupkach. Wygl\u0105da to troch\u0119 jak u nas na przerwach, kiedy ca\u0142a dzieci\u0119ca gromada wylega na podw\u00f3rka i place zabaw tworz\u0105c jeden wielki harmider i og\u00f3lne zamieszanie. Spogl\u0105daj\u0105c na naszych przedszkolak\u00f3w podczas wsp\u00f3lnej zabawy nie jest \u0142atwo pogrupowa\u0107 ich wzgl\u0119dem wieku. Obserwuj\u0105c m\u0142odociane mewy mo\u017cna pr\u00f3bowa\u0107 wy\u0142owi\u0107 poszczeg\u00f3lne roczniki. Nie jest to jednak zadanie \u0142atwe, ale dla do\u015bwiadczonych &#8222;mewiarzy&#8221; ca\u0142kiem wykonalne. P\u00f3\u017an\u0105 wiosn\u0105 i latem na sk\u0142adowisku mo\u017cna dostrzec mewy pierwszoroczne, czyli nale\u017c\u0105ce do grupy &#8222;m\u0142odszak\u00f3w&#8221;. Jak przysta\u0142o na stworzenia niedo\u015bwiadczone i nieznaj\u0105ce jeszcze \u017cycia s\u0105 bardzo ma\u0142o p\u0142ochliwe i pozwalaj\u0105 zbli\u017cy\u0107 si\u0119 do siebie na niewielk\u0105 odleg\u0142o\u015b\u0107. Niestety m\u0142ode ptaki nie wykazuj\u0105 r\u00f3wnie\u017c racjonalnej obawy w stosunku do pracuj\u0105cego sprz\u0119tu i przeje\u017cd\u017caj\u0105cych po terenie zak\u0142adu pojazd\u00f3w. Taka niefrasobliwo\u015b\u0107 czasami ko\u0144czy si\u0119 tragicznie. &#8222;Pierwszaki&#8221; cz\u0119sto paraduj\u0105 po placu, rzadko podrywaj\u0105 si\u0119 do lotu, raczej spaceruj\u0105. Bywaj\u0105 ciekawskie i wtykaj\u0105 sw\u00f3j dzi\u00f3b w ka\u017cdy fragment zak\u0142adu, nawet do hali sortowni. Ta grupa wygl\u0105dem znacznie odr\u00f3\u017cnia si\u0119 od pozosta\u0142ych mew. Osobniki m\u0142odociane s\u0105 bia\u0142e, jednak g\u0119sto pokryte br\u0105zowym deseniem na grzbiecie, na spodzie r\u00f3wnie\u017c maj\u0105 br\u0105zowe plamki i kreseczki, czasami wi\u0119cej, czasami mniej. U maluch\u00f3w du\u017cych mew generalnie dominuje br\u0105z. Do tego ciemny dzi\u00f3b, ciemne oko, ale rozmiary ju\u017c w\u0142a\u015bciwie doros\u0142ego, czyli zupe\u0142nie inaczej jak u ludzi&#8230;<\/p>\n\n\n\n<h5 class=\"wp-block-heading\">&#8222;\u015aREDNIAKI&#8221; I &#8222;STARSZAKI&#8221;<\/h5>\n\n\n\n<p>W mewim przedszkolu odnajdziemy te\u017c ptaki w drugim roku swojego \u017cycia, a wi\u0119c &#8222;\u015bredniaki&#8221;. U tych ju\u017c zaczyna pojawia\u0107 si\u0119 coraz wi\u0119cej, charakterystycznej dla dojrza\u0142ych osobnik\u00f3w, popielatej barwy. W upierzeniu te\u017c zaczyna przebija\u0107 si\u0119 wyra\u017aniej mewia biel g\u0142owy i piersi. To ju\u017c bardziej do\u015bwiadczone ptaki, ca\u0142y rok w towarzystwie innych, r\u00f3wnie\u017c i tych doros\u0142ych mew, skutecznie procentuje. Nie ma tu ju\u017c miejsca na g\u0142upot\u0119, na naiwno\u015b\u0107, na niczym nie podparte ryzyko.<\/p>\n\n\n\n<p>Pomi\u0119dzy mewami w zak\u0142adowym przedszkolu r\u00f3wnie\u017c widoczne s\u0105 &#8222;starszaki&#8221;, a wi\u0119c ptaki b\u0119d\u0105ce w trzecim kalendarzowym roku \u017cycia. To ju\u017c niemal doros\u0142e osobniki, mewia m\u0142odzie\u017c. R\u00f3wnie\u017c z wygl\u0105du bardzo blisko ju\u017c maj\u0105 do optymalnego upierzenia, \u015bladowe ilo\u015bci br\u0105zowego koloru na skrzyd\u0142ach zdradzaj\u0105 jednak jeszcze przynale\u017cno\u015b\u0107 do &#8222;m\u0142odziak\u00f3w&#8221;, ale &#8211; jak mawia\u0142 Pawlak w &#8222;Samych Swoich&#8221; &#8211; nieuchronnie idzie do pe\u0142noletnio\u015bci. Oczywi\u015bcie w wiosenno &#8211; letnim okresie na placu w Spytkowie przybywaj\u0105 r\u00f3wnie\u017c doros\u0142e mewy srebrzyste i bia\u0142og\u0142owe. Czasem jest ich wi\u0119cej, czasem niej. Koczuj\u0105 tam zar\u00f3wno ptaki po odbyciu l\u0119g\u00f3w, jak i te kt\u00f3re z jakich\u015b przyczyn nie przyst\u0105pi\u0142y do obowi\u0105zku wydania na \u015bwiat nowej generacji &#8222;mewiak\u00f3w&#8221;.<\/p>\n\n\n\n<p>Przedszkole w Spytkowie funkcjonuje w zasadzie od marca, a\u017c do grudnia, a przede wszystkim do nadej\u015bcia prawdziwej zimy z mrozem i \u015bniegiem. W\u00f3wczas ca\u0142a mewia ekipa przenosi si\u0119 w inne miejsca. Nie ma jednak sztywnej regu\u0142y. Du\u017ce mewy to typ koczownik\u00f3w i w\u0142\u00f3cz\u0119g\u00f3w. R\u00f3wnie\u017c m\u0142odociane ptaki nie s\u0105 przywi\u0105zane do jednego miejsca. Bywaj\u0105 d\u0142ugie tygodnie wiosn\u0105 lub latem, kiedy plac \u015bwieci pustkami, czasami drepcz\u0105 tylko niewielkie grupki w towarzystwie mew siwych i \u015bmieszek, a czasem roi si\u0119 na dachu sortowni i sk\u0142adowisku od sylwetek tych olbrzymich mew. Jest te\u017c oczywi\u015bcie du\u017ca rotacja w\u015br\u00f3d bywalc\u00f3w korzystaj\u0105cych z go\u015bcinno\u015bci ZOUK-u w Spytkowie. Wiosn\u0105 i latem pojawiaj\u0105 si\u0119 inne ptaki, zim\u0105 z kolei docieraj\u0105 grupy ze wschodu, z teren\u00f3w Bia\u0142orusi, czy Litwy. Niekt\u00f3re d\u0142ugi czas goszcz\u0105 w Spytkowie, inne z kolei traktuj\u0105 te miejsce jako kr\u00f3tki przystanek. Tak naprawd\u0119 te wszystkie ruchy, okresy pobytu i rozk\u0142ady lot\u00f3w mew s\u0105 bardzo skompilowane i zale\u017c\u0105 od wielu czynnik\u00f3w. Mo\u017ce to i dobrze, ka\u017cdy w ko\u0144cu musi mie\u0107 jak\u0105\u015b swoj\u0105 tajemnic\u0119, sw\u00f3j tajny plan i swoje uk\u0142ady. I nie nasza w tym g\u0142owa, \u017ceby to wszystko ogarn\u0105\u0107, przewidzie\u0107 i prze\u015bwietli\u0107.<\/p>\n\n\n\n<figure class=\"wp-block-gallery has-nested-images columns-default is-cropped wp-block-gallery-1 is-layout-flex wp-block-gallery-is-layout-flex\">\n<figure class=\"wp-block-image size-large\"><img loading=\"lazy\" decoding=\"async\" width=\"676\" height=\"450\" data-id=\"779\" src=\"https:\/\/mazurskaprzyroda.pl\/wp-content\/uploads\/2025\/10\/IMG_1085.jpg\" alt=\"\" class=\"wp-image-779\" srcset=\"https:\/\/mazurskaprzyroda.pl\/wp-content\/uploads\/2025\/10\/IMG_1085.jpg 676w, https:\/\/mazurskaprzyroda.pl\/wp-content\/uploads\/2025\/10\/IMG_1085-300x200.jpg 300w\" sizes=\"auto, (max-width: 676px) 100vw, 676px\" \/><\/figure>\n\n\n\n<figure class=\"wp-block-image size-large\"><img loading=\"lazy\" decoding=\"async\" width=\"674\" height=\"450\" data-id=\"780\" src=\"https:\/\/mazurskaprzyroda.pl\/wp-content\/uploads\/2025\/10\/IMG_1086.jpg\" alt=\"\" class=\"wp-image-780\" srcset=\"https:\/\/mazurskaprzyroda.pl\/wp-content\/uploads\/2025\/10\/IMG_1086.jpg 674w, https:\/\/mazurskaprzyroda.pl\/wp-content\/uploads\/2025\/10\/IMG_1086-300x200.jpg 300w\" sizes=\"auto, (max-width: 674px) 100vw, 674px\" \/><\/figure>\n\n\n\n<figure class=\"wp-block-image size-large\"><img loading=\"lazy\" decoding=\"async\" width=\"674\" height=\"450\" data-id=\"781\" src=\"https:\/\/mazurskaprzyroda.pl\/wp-content\/uploads\/2025\/10\/IMG_1111.jpg\" alt=\"\" class=\"wp-image-781\" srcset=\"https:\/\/mazurskaprzyroda.pl\/wp-content\/uploads\/2025\/10\/IMG_1111.jpg 674w, https:\/\/mazurskaprzyroda.pl\/wp-content\/uploads\/2025\/10\/IMG_1111-300x200.jpg 300w\" sizes=\"auto, (max-width: 674px) 100vw, 674px\" \/><\/figure>\n\n\n\n<figure class=\"wp-block-image size-large\"><img loading=\"lazy\" decoding=\"async\" width=\"673\" height=\"450\" data-id=\"782\" src=\"https:\/\/mazurskaprzyroda.pl\/wp-content\/uploads\/2025\/10\/IMG_1114.jpg\" alt=\"\" class=\"wp-image-782\" srcset=\"https:\/\/mazurskaprzyroda.pl\/wp-content\/uploads\/2025\/10\/IMG_1114.jpg 673w, https:\/\/mazurskaprzyroda.pl\/wp-content\/uploads\/2025\/10\/IMG_1114-300x201.jpg 300w\" sizes=\"auto, (max-width: 673px) 100vw, 673px\" \/><\/figure>\n\n\n\n<figure class=\"wp-block-image size-large\"><img loading=\"lazy\" decoding=\"async\" width=\"674\" height=\"450\" data-id=\"783\" src=\"https:\/\/mazurskaprzyroda.pl\/wp-content\/uploads\/2025\/10\/IMG_8150.jpg\" alt=\"\" class=\"wp-image-783\" srcset=\"https:\/\/mazurskaprzyroda.pl\/wp-content\/uploads\/2025\/10\/IMG_8150.jpg 674w, https:\/\/mazurskaprzyroda.pl\/wp-content\/uploads\/2025\/10\/IMG_8150-300x200.jpg 300w\" sizes=\"auto, (max-width: 674px) 100vw, 674px\" \/><\/figure>\n\n\n\n<figure class=\"wp-block-image size-large\"><img loading=\"lazy\" decoding=\"async\" width=\"649\" height=\"450\" data-id=\"784\" src=\"https:\/\/mazurskaprzyroda.pl\/wp-content\/uploads\/2025\/10\/IMG_8195-1.jpg\" alt=\"\" class=\"wp-image-784\" srcset=\"https:\/\/mazurskaprzyroda.pl\/wp-content\/uploads\/2025\/10\/IMG_8195-1.jpg 649w, https:\/\/mazurskaprzyroda.pl\/wp-content\/uploads\/2025\/10\/IMG_8195-1-300x208.jpg 300w\" sizes=\"auto, (max-width: 649px) 100vw, 649px\" \/><\/figure>\n\n\n\n<figure class=\"wp-block-image size-large\"><img loading=\"lazy\" decoding=\"async\" width=\"651\" height=\"450\" data-id=\"785\" src=\"https:\/\/mazurskaprzyroda.pl\/wp-content\/uploads\/2025\/10\/IMG_8683.jpg\" alt=\"\" class=\"wp-image-785\" srcset=\"https:\/\/mazurskaprzyroda.pl\/wp-content\/uploads\/2025\/10\/IMG_8683.jpg 651w, https:\/\/mazurskaprzyroda.pl\/wp-content\/uploads\/2025\/10\/IMG_8683-300x207.jpg 300w\" sizes=\"auto, (max-width: 651px) 100vw, 651px\" \/><\/figure>\n\n\n\n<figure class=\"wp-block-image size-large\"><img loading=\"lazy\" decoding=\"async\" width=\"676\" height=\"450\" data-id=\"786\" src=\"https:\/\/mazurskaprzyroda.pl\/wp-content\/uploads\/2025\/10\/IMG_8687.jpg\" alt=\"\" class=\"wp-image-786\" srcset=\"https:\/\/mazurskaprzyroda.pl\/wp-content\/uploads\/2025\/10\/IMG_8687.jpg 676w, https:\/\/mazurskaprzyroda.pl\/wp-content\/uploads\/2025\/10\/IMG_8687-300x200.jpg 300w\" sizes=\"auto, (max-width: 676px) 100vw, 676px\" \/><\/figure>\n<\/figure>\n","protected":false},"excerpt":{"rendered":"<p>Kt\u00f3\u017c nie lubi ptasich maluch\u00f3w? Ufno\u015b\u0107, naiwno\u015b\u0107, nieporadno\u015b\u0107, niestandardowe zachowania &#8211; to wszystko budzi pozytywne odczucia i wywo\u0142uje u\u015bmiech na twarzy. Dziatki, male\u0144stwa, maluszki, pociechy, bajbusy &#8211; to zupe\u0142nie inny \u015bwiat, inna perspektywa i inne podej\u015bcie. Ju\u017c na prze\u0142omie maja i czerwca plac sk\u0142adowiskowy w Spytkowie zamienia si\u0119 w &#8230; plac zabaw! Na terenie zak\u0142adu &hellip; <\/p>\n<p class=\"link-more\"><a href=\"https:\/\/mazurskaprzyroda.pl\/?p=777\" class=\"more-link\">Czytaj dalej<span class=\"screen-reader-text\"> \u201ePrzedszkole dla mew\u201d<\/span><\/a><\/p>\n","protected":false},"author":2,"featured_media":0,"comment_status":"closed","ping_status":"open","sticky":false,"template":"","format":"standard","meta":{"footnotes":""},"categories":[52],"tags":[],"class_list":["post-777","post","type-post","status-publish","format-standard","hentry","category-ptaki"],"_links":{"self":[{"href":"https:\/\/mazurskaprzyroda.pl\/index.php?rest_route=\/wp\/v2\/posts\/777","targetHints":{"allow":["GET"]}}],"collection":[{"href":"https:\/\/mazurskaprzyroda.pl\/index.php?rest_route=\/wp\/v2\/posts"}],"about":[{"href":"https:\/\/mazurskaprzyroda.pl\/index.php?rest_route=\/wp\/v2\/types\/post"}],"author":[{"embeddable":true,"href":"https:\/\/mazurskaprzyroda.pl\/index.php?rest_route=\/wp\/v2\/users\/2"}],"replies":[{"embeddable":true,"href":"https:\/\/mazurskaprzyroda.pl\/index.php?rest_route=%2Fwp%2Fv2%2Fcomments&post=777"}],"version-history":[{"count":1,"href":"https:\/\/mazurskaprzyroda.pl\/index.php?rest_route=\/wp\/v2\/posts\/777\/revisions"}],"predecessor-version":[{"id":787,"href":"https:\/\/mazurskaprzyroda.pl\/index.php?rest_route=\/wp\/v2\/posts\/777\/revisions\/787"}],"wp:attachment":[{"href":"https:\/\/mazurskaprzyroda.pl\/index.php?rest_route=%2Fwp%2Fv2%2Fmedia&parent=777"}],"wp:term":[{"taxonomy":"category","embeddable":true,"href":"https:\/\/mazurskaprzyroda.pl\/index.php?rest_route=%2Fwp%2Fv2%2Fcategories&post=777"},{"taxonomy":"post_tag","embeddable":true,"href":"https:\/\/mazurskaprzyroda.pl\/index.php?rest_route=%2Fwp%2Fv2%2Ftags&post=777"}],"curies":[{"name":"wp","href":"https:\/\/api.w.org\/{rel}","templated":true}]}}