{"id":558,"date":"2025-10-17T13:22:02","date_gmt":"2025-10-17T11:22:02","guid":{"rendered":"https:\/\/mazurskaprzyroda.pl\/?p=558"},"modified":"2025-10-21T11:15:15","modified_gmt":"2025-10-21T09:15:15","slug":"zmiana-terminy-mazurskiego-pikniku-ornitologicznego","status":"publish","type":"post","link":"https:\/\/mazurskaprzyroda.pl\/?p=558","title":{"rendered":"Zmiana terminu Mazurskiego Pikniku Ornitologicznego"},"content":{"rendered":"\n<p>Zmieniamy termin <a href=\"https:\/\/www.facebook.com\/events\/1470650544244070\/?__cft__[0]=AZUvKPNGbLAAwx5Jnl7txualJfs0pszsXoQ3DaJqUMpwiaKkM3jzoBnaMqeTDa_nDt7qzIWdwdw18F7w79HRoAXk5Pnv4jXudIMvrZgT6zaAkJRRROwdLE39lmEvTRF7FZfQk3IUvZ88MPKdmmXkjEN5mw1cqOrLyBCjMowI8eDdLbefM8hgXZI5fiB-vSXKo44&amp;__tn__=-UK-R\">Mazurski Piknik Ornitologiczny<\/a> W zwi\u0105zku z niekorzystnymi prognozami jutrzejszej pogody, zmuszeni jeste\u015bmy przesun\u0105\u0107 piknik na kolejny dzie\u0144, czyli <strong>19 pa\u017adziernika 2025 (Niedziela).<\/strong> Miejsce, godzina i program pozostaj\u0105 bez zmian. Serdecznie zapraszamy i przepraszamy za zmiany. Do zobaczenia.<\/p>\n\n\n\n<figure class=\"wp-block-image size-large\"><img loading=\"lazy\" decoding=\"async\" width=\"724\" height=\"1024\" src=\"https:\/\/mazurskaprzyroda.pl\/wp-content\/uploads\/2025\/10\/558319815_1653750812718913_3121831975772277572_n-2-724x1024.jpg\" alt=\"\" class=\"wp-image-559\" srcset=\"https:\/\/mazurskaprzyroda.pl\/wp-content\/uploads\/2025\/10\/558319815_1653750812718913_3121831975772277572_n-2-724x1024.jpg 724w, https:\/\/mazurskaprzyroda.pl\/wp-content\/uploads\/2025\/10\/558319815_1653750812718913_3121831975772277572_n-2-212x300.jpg 212w, https:\/\/mazurskaprzyroda.pl\/wp-content\/uploads\/2025\/10\/558319815_1653750812718913_3121831975772277572_n-2-768x1086.jpg 768w, https:\/\/mazurskaprzyroda.pl\/wp-content\/uploads\/2025\/10\/558319815_1653750812718913_3121831975772277572_n-2-1086x1536.jpg 1086w, https:\/\/mazurskaprzyroda.pl\/wp-content\/uploads\/2025\/10\/558319815_1653750812718913_3121831975772277572_n-2.jpg 1414w\" sizes=\"auto, (max-width: 724px) 100vw, 724px\" \/><\/figure>\n","protected":false},"excerpt":{"rendered":"<p>Zmieniamy termin Mazurski Piknik Ornitologiczny W zwi\u0105zku z niekorzystnymi prognozami jutrzejszej pogody, zmuszeni jeste\u015bmy przesun\u0105\u0107 piknik na kolejny dzie\u0144, czyli 19 pa\u017adziernika 2025 (Niedziela). Miejsce, godzina i program pozostaj\u0105 bez zmian. Serdecznie zapraszamy i przepraszamy za zmiany. Do zobaczenia.<\/p>\n","protected":false},"author":1,"featured_media":0,"comment_status":"closed","ping_status":"open","sticky":false,"template":"","format":"standard","meta":{"footnotes":""},"categories":[55],"tags":[],"class_list":["post-558","post","type-post","status-publish","format-standard","hentry","category-aktualnosci"],"_links":{"self":[{"href":"https:\/\/mazurskaprzyroda.pl\/index.php?rest_route=\/wp\/v2\/posts\/558","targetHints":{"allow":["GET"]}}],"collection":[{"href":"https:\/\/mazurskaprzyroda.pl\/index.php?rest_route=\/wp\/v2\/posts"}],"about":[{"href":"https:\/\/mazurskaprzyroda.pl\/index.php?rest_route=\/wp\/v2\/types\/post"}],"author":[{"embeddable":true,"href":"https:\/\/mazurskaprzyroda.pl\/index.php?rest_route=\/wp\/v2\/users\/1"}],"replies":[{"embeddable":true,"href":"https:\/\/mazurskaprzyroda.pl\/index.php?rest_route=%2Fwp%2Fv2%2Fcomments&post=558"}],"version-history":[{"count":3,"href":"https:\/\/mazurskaprzyroda.pl\/index.php?rest_route=\/wp\/v2\/posts\/558\/revisions"}],"predecessor-version":[{"id":640,"href":"https:\/\/mazurskaprzyroda.pl\/index.php?rest_route=\/wp\/v2\/posts\/558\/revisions\/640"}],"wp:attachment":[{"href":"https:\/\/mazurskaprzyroda.pl\/index.php?rest_route=%2Fwp%2Fv2%2Fmedia&parent=558"}],"wp:term":[{"taxonomy":"category","embeddable":true,"href":"https:\/\/mazurskaprzyroda.pl\/index.php?rest_route=%2Fwp%2Fv2%2Fcategories&post=558"},{"taxonomy":"post_tag","embeddable":true,"href":"https:\/\/mazurskaprzyroda.pl\/index.php?rest_route=%2Fwp%2Fv2%2Ftags&post=558"}],"curies":[{"name":"wp","href":"https:\/\/api.w.org\/{rel}","templated":true}]}}