{"id":556,"date":"2025-10-17T13:19:21","date_gmt":"2025-10-17T11:19:21","guid":{"rendered":"https:\/\/mazurskaprzyroda.pl\/?p=556"},"modified":"2025-10-21T11:14:37","modified_gmt":"2025-10-21T09:14:37","slug":"mazurski-piknik-ornitologiczny","status":"publish","type":"post","link":"https:\/\/mazurskaprzyroda.pl\/?p=556","title":{"rendered":"Mazurski Piknik Ornitologiczny"},"content":{"rendered":"\n<p>Wsp\u00f3lnie z <a href=\"https:\/\/www.facebook.com\/NadlesnictwoGizycko?__cft__[0]=AZWQ9d-CxVZA2Qa-BOWrq4iF5VT91uJjXWJMZtdxVB5MJSJYkTT8mlgRB757q2Iq1HzsMAj7ab1Bmn2xmCHPceUU78X-Oh1IW0tYExmir5-_A73j80B5vcI4bQC2ya87oDThSVXxPgIUhE2SXdh-1N6r_fWfYmYDji24nACL0CeUqvhyPfIF2_9o5rJogwI2Y1g&amp;__tn__=-]K-R\">Nadle\u015bnictwo Gi\u017cycko<\/a> serdecznie zapraszamy na <a href=\"https:\/\/www.facebook.com\/events\/1470650544244070\/?__cft__[0]=AZWQ9d-CxVZA2Qa-BOWrq4iF5VT91uJjXWJMZtdxVB5MJSJYkTT8mlgRB757q2Iq1HzsMAj7ab1Bmn2xmCHPceUU78X-Oh1IW0tYExmir5-_A73j80B5vcI4bQC2ya87oDThSVXxPgIUhE2SXdh-1N6r_fWfYmYDji24nACL0CeUqvhyPfIF2_9o5rJogwI2Y1g&amp;__tn__=-UK-R\">Mazurski Piknik Ornitologiczny<\/a><\/p>\n\n\n\n<p class=\"has-white-color has-vivid-cyan-blue-background-color has-text-color has-background has-link-color wp-elements-04dd9e854bc25d536bef6011b28452ff\"><a><\/a>Wydarzenie odb\u0119dzie si\u0119 18 pa\u017adziernika 2025r. w godz. 8.00 \u2013 12.00 na Wzg\u00f3rzu \u015aw. Brunona w Gi\u017cycku.<\/p>\n\n\n\n<!--more-->\n\n\n\n<p>Go\u015bciem specjalnym b\u0119dzie po raz kolejny ornitolog dr Dariusz G\u00f3recki, kt\u00f3ry zaprezentuje trudn\u0105 sztuk\u0119 obr\u0105czkowania ptak\u00f3w. Przy okazji b\u0119dzie mo\u017cna si\u0119 dowiedzie\u0107 w jakim celu \u0142apie si\u0119 ptaki i zak\u0142ada im obr\u0105czki, zobaczy\u0107 z bliska poszczeg\u00f3lne gatunki, zapozna\u0107 si\u0119 z budow\u0105 skrzydlatych stworze\u0144 oraz pozna\u0107 tajniki zwi\u0105zane z identyfikacj\u0105 wieku oraz p\u0142ci. Poza tym jak zwykle b\u0119d\u0105 stanowiska edukacyjne, handlowe i wspania\u0142e ognisko z pocz\u0119stunkiem. Dodatkowo gwarantujemy mi\u0142\u0105 zabaw\u0119, du\u017co u\u015bmiechu, szczypt\u0119 fachowej wiedzy oraz mi\u0142\u0105 i przyjazn\u0105 atmosfer\u0119, co w zasadzie jest ju\u017c u nas norm\u0105 i standardem. Na koniec jeszcze musi wybrzmie\u0107 nasz najnowszy slogan reklamowy: \u201eTylko chodz\u0105c regularnie na ornitologiczne pikniki, mo\u017cesz osi\u0105gn\u0105\u0107 w \u017cyciu przyzwoite wyniki. A je\u015bli dodatkowo organizuje je nasze stowarzyszenie, ch\u0119tne do udzia\u0142u s\u0105 nawet \u0142osie i jelenie. Tym razem b\u0119dzie bardziej profesjonalnie i bardziej poetycko, gdy\u017c do wsp\u00f3\u0142organizacji w\u0142\u0105czy\u0142o si\u0119 Nadle\u015bnictwo Gi\u017cycko. Wi\u0119c nawet je\u017celi b\u0119dzie pada\u0107, a masz do dyspozycji tylko sanda\u0142y, mimo wszystko przyjd\u017a na piknik dla presti\u017cu, estymy i chwa\u0142y\u201d. Serdecznie zapraszamy!!!<\/p>\n\n\n\n<p class=\"has-white-color has-vivid-cyan-blue-background-color has-text-color has-background has-link-color wp-elements-72e8689bef60076d4f0df2e14b72ea77\">Zadanie dofinansowane ze \u015brodk\u00f3w Pa\u0144stwowego Gospodarstwa Le\u015bnego Lasy Pa\u0144stwowe Nadle\u015bnictwo Gi\u017cycko w kwocie 2 000,00 z\u0142<\/p>\n\n\n\n<figure class=\"wp-block-image size-large\"><img loading=\"lazy\" decoding=\"async\" width=\"724\" height=\"1024\" src=\"http:\/\/mazurskaprzyroda.pl\/wp-content\/uploads\/2025\/10\/558319815_1653750812718913_3121831975772277572_n-1-724x1024.jpg\" alt=\"\" class=\"wp-image-492\" srcset=\"https:\/\/mazurskaprzyroda.pl\/wp-content\/uploads\/2025\/10\/558319815_1653750812718913_3121831975772277572_n-1-724x1024.jpg 724w, https:\/\/mazurskaprzyroda.pl\/wp-content\/uploads\/2025\/10\/558319815_1653750812718913_3121831975772277572_n-1-212x300.jpg 212w, https:\/\/mazurskaprzyroda.pl\/wp-content\/uploads\/2025\/10\/558319815_1653750812718913_3121831975772277572_n-1-768x1086.jpg 768w, https:\/\/mazurskaprzyroda.pl\/wp-content\/uploads\/2025\/10\/558319815_1653750812718913_3121831975772277572_n-1-1086x1536.jpg 1086w, https:\/\/mazurskaprzyroda.pl\/wp-content\/uploads\/2025\/10\/558319815_1653750812718913_3121831975772277572_n-1.jpg 1414w\" sizes=\"auto, (max-width: 724px) 100vw, 724px\" \/><\/figure>\n","protected":false},"excerpt":{"rendered":"<p>Wsp\u00f3lnie z Nadle\u015bnictwo Gi\u017cycko serdecznie zapraszamy na Mazurski Piknik Ornitologiczny Wydarzenie odb\u0119dzie si\u0119 18 pa\u017adziernika 2025r. w godz. 8.00 \u2013 12.00 na Wzg\u00f3rzu \u015aw. Brunona w Gi\u017cycku.<\/p>\n","protected":false},"author":1,"featured_media":0,"comment_status":"closed","ping_status":"open","sticky":false,"template":"","format":"standard","meta":{"footnotes":""},"categories":[55],"tags":[],"class_list":["post-556","post","type-post","status-publish","format-standard","hentry","category-aktualnosci"],"_links":{"self":[{"href":"https:\/\/mazurskaprzyroda.pl\/index.php?rest_route=\/wp\/v2\/posts\/556","targetHints":{"allow":["GET"]}}],"collection":[{"href":"https:\/\/mazurskaprzyroda.pl\/index.php?rest_route=\/wp\/v2\/posts"}],"about":[{"href":"https:\/\/mazurskaprzyroda.pl\/index.php?rest_route=\/wp\/v2\/types\/post"}],"author":[{"embeddable":true,"href":"https:\/\/mazurskaprzyroda.pl\/index.php?rest_route=\/wp\/v2\/users\/1"}],"replies":[{"embeddable":true,"href":"https:\/\/mazurskaprzyroda.pl\/index.php?rest_route=%2Fwp%2Fv2%2Fcomments&post=556"}],"version-history":[{"count":2,"href":"https:\/\/mazurskaprzyroda.pl\/index.php?rest_route=\/wp\/v2\/posts\/556\/revisions"}],"predecessor-version":[{"id":639,"href":"https:\/\/mazurskaprzyroda.pl\/index.php?rest_route=\/wp\/v2\/posts\/556\/revisions\/639"}],"wp:attachment":[{"href":"https:\/\/mazurskaprzyroda.pl\/index.php?rest_route=%2Fwp%2Fv2%2Fmedia&parent=556"}],"wp:term":[{"taxonomy":"category","embeddable":true,"href":"https:\/\/mazurskaprzyroda.pl\/index.php?rest_route=%2Fwp%2Fv2%2Fcategories&post=556"},{"taxonomy":"post_tag","embeddable":true,"href":"https:\/\/mazurskaprzyroda.pl\/index.php?rest_route=%2Fwp%2Fv2%2Ftags&post=556"}],"curies":[{"name":"wp","href":"https:\/\/api.w.org\/{rel}","templated":true}]}}