{"id":551,"date":"2025-10-17T12:02:58","date_gmt":"2025-10-17T10:02:58","guid":{"rendered":"https:\/\/mazurskaprzyroda.pl\/?p=551"},"modified":"2025-10-21T11:10:31","modified_gmt":"2025-10-21T09:10:31","slug":"konkurs-mazurska-przyroda-okiem-gizycczan","status":"publish","type":"post","link":"https:\/\/mazurskaprzyroda.pl\/?p=551","title":{"rendered":"Konkurs \u201eMazurska przyroda okiem gi\u017cycczan\u201d"},"content":{"rendered":"\n<p>Masz w sobie pasj\u0119 do fotografii i kochasz mazursk\u0105 przyrod\u0119? To co\u015b dla Ciebie. Stowarzyszenie Mi\u0142o\u015bnik\u00f3w Mazurskiej Przyrody zaprasza mieszka\u0144c\u00f3w Gi\u017cycka do udzia\u0142u w konkursie fotograficznym, kt\u00f3rego celem jest uchwycenie pi\u0119kna flory, fauny i krajobraz\u00f3w naszego regionu. Najlepsze prace zostan\u0105 zaprezentowane na wyj\u0105tkowej wystawie \u201eMazurska przyroda okiem gi\u017cycczan\u201d!<\/p>\n\n\n\n<p class=\"has-white-color has-vivid-cyan-blue-background-color has-text-color has-background has-link-color wp-elements-45a3ca4d19c25c6cb62cfd9b5dde549d\">Najwa\u017cniejsze informacje:<\/p>\n\n\n\n<p>Termin: 20\u201330 sierpnia 2025<\/p>\n\n\n\n<p>Uczestnicy: mieszka\u0144cy Gi\u017cycka (amatorzy fotografii, powy\u017cej 16 r.\u017c.)<\/p>\n\n\n\n<p>Tematyka: przyroda Mazur \u2013 flora, fauna, krajobrazy powiatu gi\u017cyckiego<\/p>\n\n\n\n<p>Zg\u0142oszenia: wy\u015blij swoje zdj\u0119cia (max 4) + formularz zg\u0142oszeniowy na adres: mazurskaprzyroda@gmail.com<\/p>\n\n\n\n<p>Nagroda: Wydruk i prezentacja Twoich prac na wystawie!<\/p>\n\n\n\n<p>Nie przegap okazji, by Twoje zdj\u0119cia sta\u0142y si\u0119 cz\u0119\u015bci\u0105 wyj\u0105tkowej wystawy!<\/p>\n\n\n\n<p class=\"has-white-color has-vivid-cyan-blue-background-color has-text-color has-background has-link-color wp-elements-24d60f986f69201dbd3bd9f1c4a76872\"><a href=\"https:\/\/mazurskaprzyroda.pl\/wp-content\/uploads\/2025\/08\/Regulamin-konkursu-fotograficznego.pdf\">Regulamin<\/a><\/p>\n\n\n\n<p class=\"has-white-color has-vivid-cyan-blue-background-color has-text-color has-background has-link-color wp-elements-68c2f698f0fd8ae0f5bde191dd1f0d47\"><a href=\"https:\/\/mazurskaprzyroda.pl\/wp-content\/uploads\/2025\/08\/Formularz-zgloszeniowy.pdf\">Formularz<\/a><\/p>\n\n\n\n<figure class=\"wp-block-image size-full\"><img loading=\"lazy\" decoding=\"async\" width=\"768\" height=\"512\" src=\"http:\/\/mazurskaprzyroda.pl\/wp-content\/uploads\/2025\/08\/IMG_9690-768x512-1.jpg\" alt=\"\" class=\"wp-image-405\" srcset=\"https:\/\/mazurskaprzyroda.pl\/wp-content\/uploads\/2025\/08\/IMG_9690-768x512-1.jpg 768w, https:\/\/mazurskaprzyroda.pl\/wp-content\/uploads\/2025\/08\/IMG_9690-768x512-1-300x200.jpg 300w\" sizes=\"auto, (max-width: 767px) 89vw, (max-width: 1000px) 54vw, (max-width: 1071px) 543px, 580px\" \/><\/figure>\n","protected":false},"excerpt":{"rendered":"<p>Masz w sobie pasj\u0119 do fotografii i kochasz mazursk\u0105 przyrod\u0119? To co\u015b dla Ciebie. Stowarzyszenie Mi\u0142o\u015bnik\u00f3w Mazurskiej Przyrody zaprasza mieszka\u0144c\u00f3w Gi\u017cycka do udzia\u0142u w konkursie fotograficznym, kt\u00f3rego celem jest uchwycenie pi\u0119kna flory, fauny i krajobraz\u00f3w naszego regionu. Najlepsze prace zostan\u0105 zaprezentowane na wyj\u0105tkowej wystawie \u201eMazurska przyroda okiem gi\u017cycczan\u201d! Najwa\u017cniejsze informacje: Termin: 20\u201330 sierpnia 2025 Uczestnicy: &hellip; <\/p>\n<p class=\"link-more\"><a href=\"https:\/\/mazurskaprzyroda.pl\/?p=551\" class=\"more-link\">Czytaj dalej<span class=\"screen-reader-text\"> \u201eKonkurs \u201eMazurska przyroda okiem gi\u017cycczan\u201d\u201d<\/span><\/a><\/p>\n","protected":false},"author":1,"featured_media":0,"comment_status":"closed","ping_status":"open","sticky":false,"template":"","format":"standard","meta":{"footnotes":""},"categories":[53],"tags":[],"class_list":["post-551","post","type-post","status-publish","format-standard","hentry","category-konkursy"],"_links":{"self":[{"href":"https:\/\/mazurskaprzyroda.pl\/index.php?rest_route=\/wp\/v2\/posts\/551","targetHints":{"allow":["GET"]}}],"collection":[{"href":"https:\/\/mazurskaprzyroda.pl\/index.php?rest_route=\/wp\/v2\/posts"}],"about":[{"href":"https:\/\/mazurskaprzyroda.pl\/index.php?rest_route=\/wp\/v2\/types\/post"}],"author":[{"embeddable":true,"href":"https:\/\/mazurskaprzyroda.pl\/index.php?rest_route=\/wp\/v2\/users\/1"}],"replies":[{"embeddable":true,"href":"https:\/\/mazurskaprzyroda.pl\/index.php?rest_route=%2Fwp%2Fv2%2Fcomments&post=551"}],"version-history":[{"count":2,"href":"https:\/\/mazurskaprzyroda.pl\/index.php?rest_route=\/wp\/v2\/posts\/551\/revisions"}],"predecessor-version":[{"id":636,"href":"https:\/\/mazurskaprzyroda.pl\/index.php?rest_route=\/wp\/v2\/posts\/551\/revisions\/636"}],"wp:attachment":[{"href":"https:\/\/mazurskaprzyroda.pl\/index.php?rest_route=%2Fwp%2Fv2%2Fmedia&parent=551"}],"wp:term":[{"taxonomy":"category","embeddable":true,"href":"https:\/\/mazurskaprzyroda.pl\/index.php?rest_route=%2Fwp%2Fv2%2Fcategories&post=551"},{"taxonomy":"post_tag","embeddable":true,"href":"https:\/\/mazurskaprzyroda.pl\/index.php?rest_route=%2Fwp%2Fv2%2Ftags&post=551"}],"curies":[{"name":"wp","href":"https:\/\/api.w.org\/{rel}","templated":true}]}}